{"id":29385,"date":"2010-12-10T16:05:06","date_gmt":"2010-12-10T16:05:06","guid":{"rendered":"https:\/\/svo.tasam.org\/blog\/2010\/12\/10\/guersel-tekn-chp-genel-bakan-yardmcs\/"},"modified":"2021-08-18T09:12:55","modified_gmt":"2021-08-18T06:12:55","slug":"gursel-tekin","status":"publish","type":"post","link":"https:\/\/svo.tasam.org\/en\/2010\/12\/10\/gursel-tekin\/","title":{"rendered":"G\u00fcrsel TEK\u0130N"},"content":{"rendered":"<div style=\"text-align: justify;\"><\/div>\n<h3><span style=\"color: #ff6600;\"><strong>G\u00fcrsel TEK\u0130N <span style=\"color: #000000;\">( Deputy Chairman of CHP )<\/span><\/strong><\/span><\/h3>\n<div style=\"text-align: justify;\">\n<div style=\"text-align: justify;\"><\/div>\n<\/div>\n<div style=\"text-align: justify;\">\n<p>He was born in 1964, Kars &#8211; G\u00f6le. He performed as the chairman of youth commission in Social Democrat Party in 1984 and later in Social Democrat Peoples\u2019 Party.\u00a0 He was admitted to Kad\u0131k\u00f6y provincial government board in 1991. He joined the council of Kad\u0131k\u00f6y Municipality and became the vice president in 1994. He turned to CHP ( Republican Peoples\u2019 Party ) during the consolidation in 1995. He upheld the task of vice president in CHP in2010 After receiving the provincial chairman of Istanbul in 2007. He also holds office as a member of Central Administration Board and Party Council.<\/p>\n<\/div>\n","protected":false},"excerpt":{"rendered":"<p>G\u00fcrsel TEK\u0130N ( Deputy Chairman of CHP ) He was born in 1964, Kars &#8211; G\u00f6le. He performed as the chairman of youth commission in Social Democrat Party in 1984 and later in Social Democrat Peoples\u2019 Party.\u00a0 He was admitted to Kad\u0131k\u00f6y provincial government board in 1991. He joined the council of Kad\u0131k\u00f6y Municipality and [&hellip;]<\/p>\n","protected":false},"author":1,"featured_media":29357,"comment_status":"open","ping_status":"open","sticky":false,"template":"","format":"standard","meta":{"_et_pb_use_builder":"","_et_pb_old_content":"","_et_gb_content_width":""},"categories":[34,28],"tags":[],"_links":{"self":[{"href":"https:\/\/svo.tasam.org\/en\/wp-json\/wp\/v2\/posts\/29385"}],"collection":[{"href":"https:\/\/svo.tasam.org\/en\/wp-json\/wp\/v2\/posts"}],"about":[{"href":"https:\/\/svo.tasam.org\/en\/wp-json\/wp\/v2\/types\/post"}],"author":[{"embeddable":true,"href":"https:\/\/svo.tasam.org\/en\/wp-json\/wp\/v2\/users\/1"}],"replies":[{"embeddable":true,"href":"https:\/\/svo.tasam.org\/en\/wp-json\/wp\/v2\/comments?post=29385"}],"version-history":[{"count":2,"href":"https:\/\/svo.tasam.org\/en\/wp-json\/wp\/v2\/posts\/29385\/revisions"}],"predecessor-version":[{"id":32931,"href":"https:\/\/svo.tasam.org\/en\/wp-json\/wp\/v2\/posts\/29385\/revisions\/32931"}],"wp:featuredmedia":[{"embeddable":true,"href":"https:\/\/svo.tasam.org\/en\/wp-json\/wp\/v2\/media\/29357"}],"wp:attachment":[{"href":"https:\/\/svo.tasam.org\/en\/wp-json\/wp\/v2\/media?parent=29385"}],"wp:term":[{"taxonomy":"category","embeddable":true,"href":"https:\/\/svo.tasam.org\/en\/wp-json\/wp\/v2\/categories?post=29385"},{"taxonomy":"post_tag","embeddable":true,"href":"https:\/\/svo.tasam.org\/en\/wp-json\/wp\/v2\/tags?post=29385"}],"curies":[{"name":"wp","href":"https:\/\/api.w.org\/{rel}","templated":true}]}}